[{"@context":"https:\/\/schema.org\/","@type":"Article","@id":"https:\/\/www.saros.cz\/krasne-kvetiny\/#Article","mainEntityOfPage":"https:\/\/www.saros.cz\/krasne-kvetiny\/","headline":"Kr\u00e1sn\u00e9 kv\u011btiny","name":"Kr\u00e1sn\u00e9 kv\u011btiny","description":"Um\u011bl\u00e9 kv\u011btiny v kv\u011btin\u00e1\u010di jsou opravdu moc p\u011bkn\u00e9, kdy\u017e v\u00edte, jak na to. N\u011bkdo si mysl\u00ed, \u017ee um\u011bl\u00e9 kv\u011btiny v<a href=\"https:\/\/www.saros.cz\/krasne-kvetiny\/\" class=\"more-link\">Read More <span class=\"screen-reader-text\">Kr\u00e1sn\u00e9 kv\u011btiny<\/span> <i class=\"fa fa-angle-double-right\"><\/i><\/a>","datePublished":"2022-05-24","dateModified":"2023-05-06","author":{"@type":"Person","@id":"https:\/\/www.saros.cz\/author\/devene\/#Person","name":"devene","url":"https:\/\/www.saros.cz\/author\/devene\/","identifier":1,"image":{"@type":"ImageObject","@id":"https:\/\/secure.gravatar.com\/avatar\/06eaac2906ebd8f5abb4917f3140de1503ec690466d6a69c4ec202bf5b15537c?s=96&d=mm&r=g","url":"https:\/\/secure.gravatar.com\/avatar\/06eaac2906ebd8f5abb4917f3140de1503ec690466d6a69c4ec202bf5b15537c?s=96&d=mm&r=g","height":96,"width":96}},"publisher":{"@type":"Organization","name":"saros.cz","logo":{"@type":"ImageObject","@id":"\/logo.png","url":"\/logo.png","width":600,"height":60}},"image":{"@type":"ImageObject","@id":"https:\/\/www.saros.cz\/wp-content\/uploads\/pen%C3%ADze8_2.jpg","url":"https:\/\/www.saros.cz\/wp-content\/uploads\/pen%C3%ADze8_2.jpg","height":0,"width":0},"url":"https:\/\/www.saros.cz\/krasne-kvetiny\/","about":["Slu\u017eby"],"wordCount":484,"articleBody":"       Um\u011bl\u00e9 kv\u011btiny v kv\u011btin\u00e1\u010di jsou opravdu moc p\u011bkn\u00e9, kdy\u017e v\u00edte, jak na to. N\u011bkdo si mysl\u00ed, \u017ee um\u011bl\u00e9 kv\u011btiny v kv\u011btin\u00e1\u010di jsou u\u017e zastaral\u00fd vkus, ale nen\u00ed to pravda. Nav\u00edc je na t\u011bchto um\u011bl\u00fdch kytk\u00e1ch v kv\u011btin\u00e1\u010di jedna velk\u00e1 v\u00fdhoda. Nemus\u00ed se zal\u00e9vat. J\u00e1 sama m\u00e1m um\u011bl\u00e9 kv\u011btiny v kv\u011btin\u00e1\u010di r\u00e1da, proto\u017ee ony vlastn\u011b rostou, tedy kvetou, cel\u00fd rok. Jednodu\u0161e nikdy neodpadaj\u00ed. A nav\u00edc v\u011bd\u011bli jste, \u017ee existuj\u00ed i velk\u00e9 palmy? Mysl\u00edm um\u011bl\u00e9 palmy v kv\u011btin\u00e1\u010di? V\u00edte, j\u00e1 hodn\u011b miluji velk\u00e9 kv\u011btiny, palmy a dal\u0161\u00ed exotick\u00e9 rostliny. Um\u011bl\u00e9 kv\u011btiny v kv\u011btin\u00e1\u010di jsou proto pro m\u011b velmi d\u016fle\u017eit\u00fdm dopl\u0148kem v dom\u00e1cnosti. A n\u011bkdo si taky m\u016f\u017ee myslet, \u017ee um\u011bl\u00e9 kv\u011btiny v kv\u011btin\u00e1\u010di pat\u0159\u00ed jenom na hrob a \u017ee jsou jen smute\u010dn\u00ed. To ale ov\u0161em nen\u00ed v\u016fbec \u017e\u00e1dn\u00e1 pravda. Pro\u010d by se jinak tedy prod\u00e1valy? Nav\u00edc j\u00e1 u\u017e vid\u00edm mnoho dom\u00e1cnost\u00ed, kter\u00e9 maj\u00ed taky hodn\u011b um\u011bl\u00fdch kv\u011btin v kv\u011btin\u00e1\u010di a v\u0161em se to moc l\u00edb\u00ed. J\u00e1 je m\u00e1m taky, ale jenom na zahrad\u011b. Venku za okny jsou taky velmi p\u011bkn\u00e9. Um\u011bl\u00e9 kv\u011btiny v kv\u011btin\u00e1\u010di ale maj\u00ed je jednu jedinou nev\u00fdhodu. A to fakt, \u017ee na slunci rychle blednou, ztr\u00e1c\u00ed se jim barva. To ale nen\u00ed zase \u00fapln\u011b \u0161koda, proto\u017ee u t\u011bch nejkvalitn\u011bj\u0161\u00edch um\u011bl\u00fdch kv\u011btin se m\u016f\u017eete t\u011b\u0161it z jej\u00ed kr\u00e1sy i p\u00e1r let. J\u00e1 m\u00e1m doma tak zvan\u00e9 au\u0161usy um\u011bl\u00e9 kytky v kv\u011btin\u00e1\u010di, a kter\u00e9 vydr\u017e\u00ed rok a m\u016f\u017eou j\u00edt do ko\u0161e. nechce se mi d\u00e1vat velk\u00e9 pen\u00edze jenom za um\u011bl\u00e9 kytky, tak rad\u011bji jich kupuj\u00ed v\u00edce po m\u00e1lu pen\u011bz. A v\u00e1s se nap\u0159\u00edklad um\u011bl\u00e9 kv\u011btiny v kv\u011btin\u00e1\u010di l\u00edb\u00ed? M\u011b moc, jak jsem ji\u017e psala. Ale t\u0159eba moje babi\u010dka je nem\u016f\u017ee ani vyst\u00e1t, nato\u017e aby je m\u011bla doma. Ona babi\u010dka je m\u00e1 zafixovan\u00e9 pr\u00e1v\u011b jako kv\u011btiny na hrob. V\u016fbec nev\u00edm pro\u010d. Mo\u017en\u00e1 to asi tak bylo d\u0159\u00edve, ale co j\u00e1 si pamatuji, tak moje druh\u00e1 babi\u010dka m\u011bla doma norm\u00e1ln\u011b um\u011bl\u00e9 kv\u011btiny v kv\u011btin\u00e1\u010di. A j\u00ed se to moc l\u00edbilo a v\u0161em to tak kupovala jako d\u00e1rek. J\u00e1 m\u00e1m od n\u00ed taky dva d\u00e1rky. A jak\u00e9? Ano, spr\u00e1vn\u011b. Jsou to um\u011bl\u00e9 kv\u011btiny v kv\u011btin\u00e1\u010di a m\u011b se l\u00edb\u00ed!                                                                                                                                                                                                                                                                                                                                                                                          3.5\/5 - (4 votes)        "},{"@context":"https:\/\/schema.org\/","@type":"BreadcrumbList","itemListElement":[{"@type":"ListItem","position":1,"name":"Kr\u00e1sn\u00e9 kv\u011btiny","item":"https:\/\/www.saros.cz\/krasne-kvetiny\/#breadcrumbitem"}]}]