[{"@context":"https:\/\/schema.org\/","@type":"Article","@id":"https:\/\/www.saros.cz\/socialni-sluzby-jako-soucast-naseho-zivot\/#Article","mainEntityOfPage":"https:\/\/www.saros.cz\/socialni-sluzby-jako-soucast-naseho-zivot\/","headline":"Soci\u00e1ln\u00ed slu\u017eby jako sou\u010d\u00e1st na\u0161eho \u017eivot","name":"Soci\u00e1ln\u00ed slu\u017eby jako sou\u010d\u00e1st na\u0161eho \u017eivot","description":"Soci\u00e1ln\u00ed slu\u017eby jsou sou\u010d\u00e1st\u00ed na\u0161eho \u017eivota, pokud se v&nbsp;n\u011bm objev\u00ed n\u011bjak\u00fd probl\u00e9m. T\u0159eba kdy\u017e m\u00e1me probl\u00e9my s&nbsp;pen\u011bzi, \u017eena se ocitne<a href=\"https:\/\/www.saros.cz\/socialni-sluzby-jako-soucast-naseho-zivot\/\" class=\"more-link\">Read More <span class=\"screen-reader-text\">Soci\u00e1ln\u00ed slu\u017eby jako sou\u010d\u00e1st na\u0161eho \u017eivot<\/span> <i class=\"fa fa-angle-double-right\"><\/i><\/a>","datePublished":"2023-05-06","dateModified":"2023-05-06","author":{"@type":"Person","@id":"https:\/\/www.saros.cz\/author\/devene\/#Person","name":"devene","url":"https:\/\/www.saros.cz\/author\/devene\/","identifier":1,"image":{"@type":"ImageObject","@id":"https:\/\/secure.gravatar.com\/avatar\/06eaac2906ebd8f5abb4917f3140de1503ec690466d6a69c4ec202bf5b15537c?s=96&d=mm&r=g","url":"https:\/\/secure.gravatar.com\/avatar\/06eaac2906ebd8f5abb4917f3140de1503ec690466d6a69c4ec202bf5b15537c?s=96&d=mm&r=g","height":96,"width":96}},"publisher":{"@type":"Organization","name":"saros.cz","logo":{"@type":"ImageObject","@id":"\/logo.png","url":"\/logo.png","width":600,"height":60}},"image":{"@type":"ImageObject","@id":"https:\/\/www.saros.cz\/wp-content\/uploads\/img_a337444_w2800_t1550576140.jpg","url":"https:\/\/www.saros.cz\/wp-content\/uploads\/img_a337444_w2800_t1550576140.jpg","height":0,"width":0},"url":"https:\/\/www.saros.cz\/socialni-sluzby-jako-soucast-naseho-zivot\/","about":["Slu\u017eby"],"wordCount":510,"articleBody":"Soci\u00e1ln\u00ed slu\u017eby jsou sou\u010d\u00e1st\u00ed na\u0161eho \u017eivota, pokud se v&nbsp;n\u011bm objev\u00ed n\u011bjak\u00fd probl\u00e9m. T\u0159eba kdy\u017e m\u00e1me probl\u00e9my s&nbsp;pen\u011bzi, \u017eena se ocitne sama s&nbsp;d\u00edt\u011btem bez bydlen\u00ed a prost\u0159edk\u016f, senior pot\u0159ebuje podporu v&nbsp;dom\u00e1cnosti nebo naopak u\u017e v&nbsp;dom\u00e1cnosti nem\u016f\u017ee z\u016fstat s\u00e1m&hellip; V\u0161echny tyto probl\u00e9my m\u016f\u017eeme \u0159e\u0161it za pomoci soci\u00e1ln\u00edch slu\u017eeb, kter\u00e9 n\u00e1m poskytnou jak psychickou, tak mnohdy i lidskou a pr\u00e1vn\u00ed pomoc. V&nbsp;n\u00e1sleduj\u00edc\u00edm textu pop\u00ed\u0161u alespo\u0148 n\u011bkter\u00e9 z&nbsp;nich.\tSoci\u00e1ln\u00ed slu\u017eby pro rodi\u010de a d\u011bti jsou v&nbsp;na\u0161\u00ed republice pom\u011brn\u011b hodn\u011b roz\u0161\u00ed\u0159en\u00e9. Jedn\u00e1 se o r\u016fzn\u00e9 neziskov\u00e9 organizace ur\u010den\u00e9 pro d\u011bti, n\u00edzkoprahov\u00e1 za\u0159\u00edzen\u00ed pro d\u011bti a ml\u00e1de\u017e, ran\u00e1 p\u00e9\u010de, soci\u00e1ln\u011b aktiviza\u010dn\u00ed slu\u017eby pro rodiny s&nbsp;d\u011btmi a azylov\u00e9 domy. N\u00edzkoprahov\u00e1 za\u0159\u00edzen\u00ed pro d\u011bti a ml\u00e1de\u017e jsou vlastn\u011b takov\u00e9 speci\u00e1ln\u00ed herny, otev\u0159en\u00e9 p\u0159edev\u0161\u00edm v&nbsp;odpoledn\u00edch hodin\u00e1ch, kam d\u011bti mohou doch\u00e1zet. V&nbsp;t\u011bchto centrech prob\u00edh\u00e1 tak\u00e9 program pro d\u011bti, dou\u010dov\u00e1n\u00ed, dopomoc s&nbsp;\u00fakoly a tak\u00e9 soci\u00e1ln\u00ed poradenstv\u00ed. Tato centra se v\u011bt\u0161inou nach\u00e1z\u00ed v&nbsp;m\u00edstech, kde je v\u011bt\u0161\u00ed koncentrace d\u011bt\u00ed ze soci\u00e1ln\u011b slab\u0161\u00edch rodin a d\u00e1le na s\u00eddli\u0161t\u00edch a v&nbsp;lokalit\u00e1ch, kde jsou d\u011bti ohro\u017een\u00e9 drogami a jin\u00fdmi z\u00e1vislostmi. Azylov\u00e9 domy jsou ur\u010deny pro matku \u010di otce s&nbsp;d\u00edt\u011btem v&nbsp;t\u011b\u017ek\u00e9 \u017eivotn\u00ed situaci, kte\u0159\u00ed nemaj\u00ed kam jinam j\u00edt.\t\tSoci\u00e1ln\u00ed slu\u017eby pro osoby s&nbsp;ment\u00e1ln\u00edm posti\u017een\u00edm najdete p\u0159edev\u0161\u00edm ve m\u011bstech. Jedn\u00e1 se o chr\u00e1n\u011bn\u00e1 a podporovan\u00e1 bydlen\u00ed, denn\u00ed centra, odleh\u010dovac\u00ed slu\u017eby, t\u00fddenn\u00ed stacion\u00e1\u0159e a tak d\u00e1le. V\u0161echny tyto instituce maj\u00ed za c\u00edl p\u0159edev\u0161\u00edm pomoci t\u011bmto lidem \u017e\u00edt plnohodnotn\u00fd \u017eivot s&nbsp;co nejmen\u0161\u00ed dopomoc\u00ed spole\u010dnosti. C\u00edlem t\u011bchto soci\u00e1ln\u00edch slu\u017eeb tedy nen\u00ed vytv\u00e1\u0159et v&nbsp;osob\u00e1ch s&nbsp;ment\u00e1ln\u00edm posti\u017een\u00edm nad\u00e1le z\u00e1vislost na soci\u00e1ln\u00ed slu\u017eb\u011b, nebo rodin\u011b. Pr\u00e1v\u011b naopak, je podporovat v&nbsp;co nejv\u011bt\u0161\u00ed samostatnosti.\t\tSoci\u00e1ln\u00ed slu\u017eby pro seniory tak\u00e9 v&nbsp;na\u0161\u00ed republice nejsou probl\u00e9mem. Senio\u0159i mohou vyu\u017e\u00edvat t\u0159eba ter\u00e9nn\u00ed slu\u017eby, osobn\u00ed asistenci, podporovan\u00e9 bydlen\u00ed, chr\u00e1n\u011bn\u00e9 bydlen\u00ed, nebo domov pro seniory. Domovy pro seniory jsou u n\u00e1s asi nejzn\u00e1m\u011bj\u0161\u00ed, ale jedn\u00e1 se o ne zrovna vhodnou formu soci\u00e1ln\u00ed slu\u017eby pro seniory. Mnohem vhodn\u011bj\u0161\u00ed je podporovat p\u00e9\u010di o seniora v&nbsp;dom\u00e1c\u00edm prost\u0159ed\u00ed za pomoci ter\u00e9nn\u00ed slu\u017eby a rodiny.                                                                                                                                                                                                                                                                                                                                                                                        4.6\/5 - (8 votes)        "},{"@context":"https:\/\/schema.org\/","@type":"BreadcrumbList","itemListElement":[{"@type":"ListItem","position":1,"name":"Soci\u00e1ln\u00ed slu\u017eby jako sou\u010d\u00e1st na\u0161eho \u017eivot","item":"https:\/\/www.saros.cz\/socialni-sluzby-jako-soucast-naseho-zivot\/#breadcrumbitem"}]}]