[{"@context":"https:\/\/schema.org\/","@type":"Article","@id":"https:\/\/www.saros.cz\/zkraslete-si-svuj-byt-nasimi-dekoracnimi-latkami\/#Article","mainEntityOfPage":"https:\/\/www.saros.cz\/zkraslete-si-svuj-byt-nasimi-dekoracnimi-latkami\/","headline":"Zkr\u00e1\u0161lete si sv\u016fj byt na\u0161imi dekora\u010dn\u00edmi l\u00e1tkami","name":"Zkr\u00e1\u0161lete si sv\u016fj byt na\u0161imi dekora\u010dn\u00edmi l\u00e1tkami","description":"P\u0159i pohledu na na\u0161e dekora\u010dn\u00ed l\u00e1tky st\u00edh\u00e1 kr\u00e1sa n\u00e1dheru. P\u0159esv\u011bd\u010dte se samy a zav\u00edtejte ihned na na\u0161e webov\u00e9 str\u00e1nky. O\u010di<a href=\"https:\/\/www.saros.cz\/zkraslete-si-svuj-byt-nasimi-dekoracnimi-latkami\/\" class=\"more-link\">Read More <span class=\"screen-reader-text\">Zkr\u00e1\u0161lete si sv\u016fj byt na\u0161imi dekora\u010dn\u00edmi l\u00e1tkami<\/span> <i class=\"fa fa-angle-double-right\"><\/i><\/a>","datePublished":"2025-01-25","dateModified":"2025-01-25","author":{"@type":"Person","@id":"https:\/\/www.saros.cz\/author\/devene\/#Person","name":"devene","url":"https:\/\/www.saros.cz\/author\/devene\/","identifier":1,"image":{"@type":"ImageObject","@id":"https:\/\/secure.gravatar.com\/avatar\/06eaac2906ebd8f5abb4917f3140de1503ec690466d6a69c4ec202bf5b15537c?s=96&d=mm&r=g","url":"https:\/\/secure.gravatar.com\/avatar\/06eaac2906ebd8f5abb4917f3140de1503ec690466d6a69c4ec202bf5b15537c?s=96&d=mm&r=g","height":96,"width":96}},"publisher":{"@type":"Organization","name":"saros.cz","logo":{"@type":"ImageObject","@id":"\/logo.png","url":"\/logo.png","width":600,"height":60}},"url":"https:\/\/www.saros.cz\/zkraslete-si-svuj-byt-nasimi-dekoracnimi-latkami\/","wordCount":196,"articleBody":"P\u0159i pohledu na na\u0161e dekora\u010dn\u00ed l\u00e1tky st\u00edh\u00e1 kr\u00e1sa n\u00e1dheru. P\u0159esv\u011bd\u010dte se samy a zav\u00edtejte ihned na na\u0161e webov\u00e9 str\u00e1nky. O\u010di v\u00e1m nep\u0159estanou p\u0159ech\u00e1zet. V na\u0161\u00ed nab\u00eddce naleznete ve\u0161kerou \u0161k\u00e1lu odst\u00edn\u016f barev, n\u00e1dhern\u00e9 d\u011btsk\u00e9 varianty a\u017e po \u00e9terick\u00e9 motivy, kter\u00e9 jsou opravdu bezkonkuren\u010dn\u00ed a v b\u011b\u017en\u00e9m obchod\u011b nedostatkov\u00e9 zbo\u017e\u00ed.Nel\u00edtejte proto po m\u011bst\u011b s pln\u00fdmi ta\u0161kami n\u00e1kupu a slo\u017eit\u011b nesh\u00e1n\u011bjte dekora\u010dn\u00ed l\u00e1tky podle va\u0161ich vysn\u011bn\u00fdch p\u0159edstav. Z pohodl\u00ed domova se klidn\u011b usa\u010fte k po\u010d\u00edta\u010di a nechte se un\u00e1\u0161et na\u0161\u00ed nab\u00eddkou. Vybere si zde opravdu ka\u017ed\u00fd milovn\u00edk kvalitn\u00edch a okouzluj\u00edc\u00edch v\u011bc\u00ed.V\u00fdjime\u010dn\u00e1 kr\u00e1saD\u00edky n\u00e1m p\u0159inesete do va\u0161ich dom\u00e1cnost\u00ed novou atmosf\u00e9ru a t\u00edm o\u017eije i va\u0161e okol\u00ed. Na\u0161e dekora\u010dn\u00ed l\u00e1tky zacel\u00ed i bezv\u00fdznamn\u00e9 konflikty a dop\u0159ej\u00ed v\u00e1m i cel\u00e9 rodin\u011b tou\u017eebn\u011b o\u010dek\u00e1van\u00fd klid.                                                                                                                                                                                                                                                                                                                                                                                        4.5\/5 - (2 votes)        "},{"@context":"https:\/\/schema.org\/","@type":"BreadcrumbList","itemListElement":[{"@type":"ListItem","position":1,"name":"Zkr\u00e1\u0161lete si sv\u016fj byt na\u0161imi dekora\u010dn\u00edmi l\u00e1tkami","item":"https:\/\/www.saros.cz\/zkraslete-si-svuj-byt-nasimi-dekoracnimi-latkami\/#breadcrumbitem"}]}]